{"id":2821,"date":"2025-07-01T14:00:00","date_gmt":"2025-07-01T14:00:00","guid":{"rendered":"https:\/\/b-vet-project.eu\/primera-reunion-transnacional-en-valencia\/"},"modified":"2025-07-18T08:40:35","modified_gmt":"2025-07-18T08:40:35","slug":"primera-reunion-transnacional-en-valencia","status":"publish","type":"post","link":"https:\/\/b-vet-project.eu\/es\/primera-reunion-transnacional-en-valencia\/","title":{"rendered":"Primera Reuni\u00f3n Transnacional en Valencia"},"content":{"rendered":"\n<p><br\/>Los d\u00edas 29 y 30 de enero de 2025 tuvo lugar en Valencia (Espa\u00f1a), organizada por FyG<br\/>Consultores, la reuni\u00f3n de lanzamiento del proyecto B-VET: \u00abDesarrollo de las capacidades de los proveedores de EFP en el Nilo Occidental y el Norte de Uganda\u00bb, cofinanciado por el Programa Erasmus+ en el marco de la acci\u00f3n<br\/>Desarrollo de las capacidades en el \u00e1mbito de la educaci\u00f3n y formaci\u00f3n profesionales (CB-VET),<br\/>.<\/p>\n\n<p>La reuni\u00f3n marc\u00f3 el inicio oficial de esta colaboraci\u00f3n de tres a\u00f1os, que re\u00fane en<br\/>a un consorcio comprometido compuesto por la Universidad de Gulu, la Organizaci\u00f3n de Empoderamiento y Desarrollo de las Mujeres de Gulu<br\/>(GWED-G), Techlab, el Centro de Innovaci\u00f3n Social<br\/>(CSI), FyG Consultores y la Universidad Muni.<br\/>A lo largo de dos d\u00edas, los socios tuvieron la oportunidad de presentar sus organizaciones<br\/>y reunirse en persona para alinear la visi\u00f3n compartida del proyecto, los objetivos y las actividades iniciales de<br\/>.<br\/>B-VET pretende desarrollar:<br\/>&#8211; Un programa de formaci\u00f3n conjunto conforme al ECVET\/EQF\/EQAVET y<br\/>Enfoque microcredencial,<br\/>&#8211; Manual de formaci\u00f3n para formadores en Uganda,<br\/>&#8211; Cursos de formaci\u00f3n en l\u00ednea,<br\/>&#8211; 2 Actividades transnacionales de movilidad para el aprendizaje en Espa\u00f1a y Grecia y<br\/>&#8211; Un Centro de Aprendizaje Virtual,<br\/>para mejorar la capacidad de los proveedores de EFTP para cubrir las necesidades de formaci\u00f3n del mercado laboral<br\/>del Sector Agr\u00edcola en Uganda, abordando los desajustes de cualificaciones y apoyando<br\/>la formaci\u00f3n de un sistema eficaz de educaci\u00f3n y formaci\u00f3n profesional para garantizar<br\/>su sostenibilidad.<br\/>La reuni\u00f3n concluy\u00f3 con un fruct\u00edfero debate abierto, en el que todos los socios aportaron<br\/>ideas y preguntas para garantizar una base s\u00f3lida para la colaboraci\u00f3n y el \u00e9xito de la aplicaci\u00f3n de<br\/>. Esta Reuni\u00f3n Inicial represent\u00f3 un primer paso esencial hacia la consecuci\u00f3n de los objetivos del proyecto B-VET en<br\/>.<\/p>\n<div class=\"wp-block-image\">\n<figure class=\"alignleft size-large is-resized\"><img fetchpriority=\"high\" decoding=\"async\" width=\"768\" height=\"1024\" src=\"https:\/\/b-vet-project.eu\/wp-content\/uploads\/2025\/07\/Image-3-768x1024.jpeg\" alt=\"\" class=\"wp-image-2682\" style=\"width:283px;height:auto\" srcset=\"https:\/\/b-vet-project.eu\/wp-content\/uploads\/2025\/07\/Image-3-768x1024.jpeg 768w, https:\/\/b-vet-project.eu\/wp-content\/uploads\/2025\/07\/Image-3-225x300.jpeg 225w, https:\/\/b-vet-project.eu\/wp-content\/uploads\/2025\/07\/Image-3-1152x1536.jpeg 1152w, https:\/\/b-vet-project.eu\/wp-content\/uploads\/2025\/07\/Image-3.jpeg 1200w\" sizes=\"(max-width: 768px) 100vw, 768px\" \/><\/figure>\n<\/div><div class=\"wp-block-image\">\n<figure class=\"alignleft size-large is-resized\"><img decoding=\"async\" width=\"768\" height=\"1024\" src=\"https:\/\/b-vet-project.eu\/wp-content\/uploads\/2025\/07\/Image-2-768x1024.jpeg\" alt=\"\" class=\"wp-image-2683\" style=\"width:286px;height:auto\" srcset=\"https:\/\/b-vet-project.eu\/wp-content\/uploads\/2025\/07\/Image-2-768x1024.jpeg 768w, https:\/\/b-vet-project.eu\/wp-content\/uploads\/2025\/07\/Image-2-225x300.jpeg 225w, https:\/\/b-vet-project.eu\/wp-content\/uploads\/2025\/07\/Image-2-1152x1536.jpeg 1152w, https:\/\/b-vet-project.eu\/wp-content\/uploads\/2025\/07\/Image-2.jpeg 1200w\" sizes=\"(max-width: 768px) 100vw, 768px\" \/><\/figure>\n<\/div>\n<p><\/p>\n","protected":false},"excerpt":{"rendered":"<p>Los d\u00edas 29 y 30 de enero de 2025 tuvo lugar en Valencia (Espa\u00f1a), organizada por FyGConsultores, la reuni\u00f3n de lanzamiento del proyecto B-VET: \u00abDesarrollo de las capacidades de los proveedores de EFP en el Nilo Occidental y el Norte de Uganda\u00bb, cofinanciado por el Programa Erasmus+ en el marco de la acci\u00f3nDesarrollo de las&hellip;&nbsp;<a href=\"https:\/\/b-vet-project.eu\/es\/primera-reunion-transnacional-en-valencia\/\" rel=\"bookmark\">Leer m\u00e1s &raquo;<span class=\"screen-reader-text\">Primera Reuni\u00f3n Transnacional en Valencia<\/span><\/a><\/p>\n","protected":false},"author":1,"featured_media":2805,"comment_status":"closed","ping_status":"open","sticky":false,"template":"","format":"standard","meta":{"neve_meta_sidebar":"","neve_meta_container":"","neve_meta_enable_content_width":"","neve_meta_content_width":0,"neve_meta_title_alignment":"","neve_meta_author_avatar":"","neve_post_elements_order":"","neve_meta_disable_header":"","neve_meta_disable_footer":"","neve_meta_disable_title":"","footnotes":""},"categories":[7],"tags":[],"class_list":["post-2821","post","type-post","status-publish","format-standard","has-post-thumbnail","hentry","category-sin-categoria"],"_links":{"self":[{"href":"https:\/\/b-vet-project.eu\/es\/wp-json\/wp\/v2\/posts\/2821","targetHints":{"allow":["GET"]}}],"collection":[{"href":"https:\/\/b-vet-project.eu\/es\/wp-json\/wp\/v2\/posts"}],"about":[{"href":"https:\/\/b-vet-project.eu\/es\/wp-json\/wp\/v2\/types\/post"}],"author":[{"embeddable":true,"href":"https:\/\/b-vet-project.eu\/es\/wp-json\/wp\/v2\/users\/1"}],"replies":[{"embeddable":true,"href":"https:\/\/b-vet-project.eu\/es\/wp-json\/wp\/v2\/comments?post=2821"}],"version-history":[{"count":1,"href":"https:\/\/b-vet-project.eu\/es\/wp-json\/wp\/v2\/posts\/2821\/revisions"}],"predecessor-version":[{"id":2824,"href":"https:\/\/b-vet-project.eu\/es\/wp-json\/wp\/v2\/posts\/2821\/revisions\/2824"}],"wp:featuredmedia":[{"embeddable":true,"href":"https:\/\/b-vet-project.eu\/es\/wp-json\/wp\/v2\/media\/2805"}],"wp:attachment":[{"href":"https:\/\/b-vet-project.eu\/es\/wp-json\/wp\/v2\/media?parent=2821"}],"wp:term":[{"taxonomy":"category","embeddable":true,"href":"https:\/\/b-vet-project.eu\/es\/wp-json\/wp\/v2\/categories?post=2821"},{"taxonomy":"post_tag","embeddable":true,"href":"https:\/\/b-vet-project.eu\/es\/wp-json\/wp\/v2\/tags?post=2821"}],"curies":[{"name":"wp","href":"https:\/\/api.w.org\/{rel}","templated":true}]}}